{"id":1087,"date":"2025-05-07T07:27:37","date_gmt":"2025-05-07T06:27:37","guid":{"rendered":"https:\/\/kellerfunde.info\/?p=1087"},"modified":"2025-06-06T15:30:48","modified_gmt":"2025-06-06T14:30:48","slug":"75-jahre-eu","status":"publish","type":"post","link":"https:\/\/kellerfunde.info\/?p=1087","title":{"rendered":"75 Jahre EU"},"content":{"rendered":"\n<p class=\"has-medium-font-size\">Das musste gefeiert werden!<\/p>\n\n\n\n<p><strong>Der 9. Mai 1950 gilt als Geburtsstunde Europas.<\/strong>&nbsp; An diesem Tag&nbsp;brachte der damalige franz\u00f6sische Au\u00dfenminister Robert Schuman einen revolution\u00e4ren Plan f\u00fcr die Zusammenarbeit der Nationen ins Spiel und legte damit den Grundstein f\u00fcr die heutige Europ\u00e4ische Union. Sein Vorschlag sah vor, die Kohle- und Stahlindustrie in Frankreich und Deutschland einer gemeinsamen obersten Beh\u00f6rde zu unterstellen. Dieser Plan wurde in die Tat umgesetzt. Am 23. Juli 1952 wurde in Paris die \u201eEurop\u00e4ische Gemeinschaft f\u00fcr Kohle und Stahl&#8220; gegr\u00fcndet, das Fundament der heutigen Europ\u00e4ischen Union.<\/p>\n\n\n\n<p>Der 9. Mai 1950 war somit von grundlegender Bedeutung, Grund genug, hierf\u00fcr einen Gedenktag, den <strong>Europatag<\/strong>, ins Leben zu rufen. Im Jahr 1985 wurde er eingef\u00fchrt und wird seither allf\u00e4hrlich gefeiert. Er ist der Tag, an dem wir in allen euop\u00e4ischen Mitgliedstaaten dem nunmehr 75 Jahre andauernden Frieden in Europa gedenken und das Thema Europa ins Rampenlicht r\u00fccken.<\/p>\n\n\n\n<p>Aus diesem Anlass gab es eine kleine Weinprobe mit Weinen aus den 6 Gr\u00fcnderl\u00e4ndern der EU:<\/p>\n\n\n\n<figure class=\"wp-block-table\"><table><tbody><tr><td><strong>Belgien<br>Deutschland<br>Frankreich<br>Italien<br>Luxemburg<br>Niederlande<\/strong><\/td><td> <img decoding=\"async\" loading=\"lazy\" width=\"1080\" height=\"810\" class=\"wp-image-1090\" style=\"width: 250px;\" src=\"http:\/\/kellerfunde.info\/wp-content\/uploads\/2025\/05\/EU.jpg\" alt=\"\" srcset=\"https:\/\/kellerfunde.info\/wp-content\/uploads\/2025\/05\/EU.jpg 1080w, https:\/\/kellerfunde.info\/wp-content\/uploads\/2025\/05\/EU-300x225.jpg 300w, https:\/\/kellerfunde.info\/wp-content\/uploads\/2025\/05\/EU-1024x768.jpg 1024w, https:\/\/kellerfunde.info\/wp-content\/uploads\/2025\/05\/EU-768x576.jpg 768w\" sizes=\"(max-width: 1080px) 100vw, 1080px\" \/><\/td><td><strong>Wann: <\/strong>   Freitag 9. Mai 19:30<br><br><strong>Wo:<\/strong>         im Hochheimer Weinbaumuseum <\/td><\/tr><\/tbody><\/table><\/figure>\n","protected":false},"excerpt":{"rendered":"<p>Weinprobe 75 Jahre EU<\/p>\n","protected":false},"author":1,"featured_media":0,"comment_status":"closed","ping_status":"closed","sticky":false,"template":"","format":"standard","meta":[],"categories":[1],"tags":[],"_links":{"self":[{"href":"https:\/\/kellerfunde.info\/index.php?rest_route=\/wp\/v2\/posts\/1087"}],"collection":[{"href":"https:\/\/kellerfunde.info\/index.php?rest_route=\/wp\/v2\/posts"}],"about":[{"href":"https:\/\/kellerfunde.info\/index.php?rest_route=\/wp\/v2\/types\/post"}],"author":[{"embeddable":true,"href":"https:\/\/kellerfunde.info\/index.php?rest_route=\/wp\/v2\/users\/1"}],"replies":[{"embeddable":true,"href":"https:\/\/kellerfunde.info\/index.php?rest_route=%2Fwp%2Fv2%2Fcomments&post=1087"}],"version-history":[{"count":8,"href":"https:\/\/kellerfunde.info\/index.php?rest_route=\/wp\/v2\/posts\/1087\/revisions"}],"predecessor-version":[{"id":1126,"href":"https:\/\/kellerfunde.info\/index.php?rest_route=\/wp\/v2\/posts\/1087\/revisions\/1126"}],"wp:attachment":[{"href":"https:\/\/kellerfunde.info\/index.php?rest_route=%2Fwp%2Fv2%2Fmedia&parent=1087"}],"wp:term":[{"taxonomy":"category","embeddable":true,"href":"https:\/\/kellerfunde.info\/index.php?rest_route=%2Fwp%2Fv2%2Fcategories&post=1087"},{"taxonomy":"post_tag","embeddable":true,"href":"https:\/\/kellerfunde.info\/index.php?rest_route=%2Fwp%2Fv2%2Ftags&post=1087"}],"curies":[{"name":"wp","href":"https:\/\/api.w.org\/{rel}","templated":true}]}}