{"id":1173,"date":"2025-08-05T16:00:46","date_gmt":"2025-08-05T15:00:46","guid":{"rendered":"https:\/\/kellerfunde.info\/?p=1173"},"modified":"2025-08-08T14:43:53","modified_gmt":"2025-08-08T13:43:53","slug":"weinbaumuseum-am-abend-feiert-geburtstag","status":"publish","type":"post","link":"https:\/\/kellerfunde.info\/?p=1173","title":{"rendered":"Weinbaumuseum am Abend feiert Doppel-Geburtstag"},"content":{"rendered":"\n<p class=\"has-medium-font-size\"><strong>Die K\u00f6nigin der Rebsorten, der Riesling &amp; die Sp\u00e4tlese werden geb\u00fchrend gew\u00fcrdigt<\/strong><\/p>\n\n\n\n<p>Die erste Erw\u00e4hnung des Rieslings ist 590 Jahre her, auf einer Rechnung vom 13. M\u00e4rz 1435 in R\u00fcsselsheim.<\/p>\n\n\n\n<p>Die Sp\u00e4tlese wurde vor 250 Jahren &#8222;entdeckt&#8220;, als der Sp\u00e4tlesereiter zu lang unterwegs war und die Trauben bei der Lese das Extraqu\u00e4ntchen Reife vorwiesen &#8211; sch\u00f6n nachzulesen im Rheingaucomic &#8222;Karl, der Sp\u00e4tlesereiter&#8220; der in einer neuen Ausgabe mit zus\u00e4tzlichen Erl\u00e4uterungen herausgegeben wurde. Wenn das kein Anlass zum Feiern ist, dachte sich Hendrik Ruitenberg, Ehrenamtlicher im Weinbaumuseum und treibende Kraft hinter der Veranstaltung &#8222;Weinbaumuseum am Abend&#8220; \u2013 die ihrerseits immerhin den 10. Geburtstag bereits hinter sich hat.<\/p>\n\n\n\n<p>F\u00fcr <strong>den letzten Donnerstag im Juli<\/strong> hatte Ruitenberg daher eine besondere Probe zusammengestellt: Riesling, mit einem besonderen Augenmerk auf die Sp\u00e4tlese, und der neue alte Karl lag auch zum Bl\u00e4ttern parat.<\/p>\n\n\n\n<p>Den Anfang machten zwei Weine von den Winzerfreunden R\u00fcsselsheim e.V., die seit 1980 auf 800 Quadratmetern einen historischen Weinberg betreiben. Der Wein wird beim Weingut K\u00fcnstler ausgebaut.<\/p>\n\n\n\n<figure class=\"wp-block-gallery has-nested-images columns-default is-cropped wp-block-gallery-1 is-layout-flex\">\n<figure class=\"wp-block-image size-large\"><img decoding=\"async\" loading=\"lazy\" width=\"585\" height=\"1024\" data-id=\"1171\"  src=\"https:\/\/kellerfunde.info\/wp-content\/uploads\/2025\/08\/2023erRuesselsheimer_H_Ruitenberg-585x1024.jpg\" alt=\"\" class=\"wp-image-1171\" srcset=\"https:\/\/kellerfunde.info\/wp-content\/uploads\/2025\/08\/2023erRuesselsheimer_H_Ruitenberg-585x1024.jpg 585w, https:\/\/kellerfunde.info\/wp-content\/uploads\/2025\/08\/2023erRuesselsheimer_H_Ruitenberg-171x300.jpg 171w, https:\/\/kellerfunde.info\/wp-content\/uploads\/2025\/08\/2023erRuesselsheimer_H_Ruitenberg-768x1344.jpg 768w, https:\/\/kellerfunde.info\/wp-content\/uploads\/2025\/08\/2023erRuesselsheimer_H_Ruitenberg-878x1536.jpg 878w, https:\/\/kellerfunde.info\/wp-content\/uploads\/2025\/08\/2023erRuesselsheimer_H_Ruitenberg-1170x2048.jpg 1170w, https:\/\/kellerfunde.info\/wp-content\/uploads\/2025\/08\/2023erRuesselsheimer_H_Ruitenberg-scaled.jpg 1463w\" sizes=\"(max-width: 585px) 100vw, 585px\" \/><\/figure>\n\n\n\n<figure class=\"wp-block-image size-large\"><img decoding=\"async\" loading=\"lazy\" width=\"724\" height=\"1024\" data-id=\"1170\"  src=\"https:\/\/kellerfunde.info\/wp-content\/uploads\/2025\/08\/2018erRuesselsheimer_H_Ruitenberg-724x1024.jpg\" alt=\"\" class=\"wp-image-1170\" srcset=\"https:\/\/kellerfunde.info\/wp-content\/uploads\/2025\/08\/2018erRuesselsheimer_H_Ruitenberg-724x1024.jpg 724w, https:\/\/kellerfunde.info\/wp-content\/uploads\/2025\/08\/2018erRuesselsheimer_H_Ruitenberg-212x300.jpg 212w, https:\/\/kellerfunde.info\/wp-content\/uploads\/2025\/08\/2018erRuesselsheimer_H_Ruitenberg-768x1087.jpg 768w, https:\/\/kellerfunde.info\/wp-content\/uploads\/2025\/08\/2018erRuesselsheimer_H_Ruitenberg-1086x1536.jpg 1086w, https:\/\/kellerfunde.info\/wp-content\/uploads\/2025\/08\/2018erRuesselsheimer_H_Ruitenberg-1448x2048.jpg 1448w, https:\/\/kellerfunde.info\/wp-content\/uploads\/2025\/08\/2018erRuesselsheimer_H_Ruitenberg-scaled.jpg 1809w\" sizes=\"(max-width: 724px) 100vw, 724px\" \/><\/figure>\n<\/figure>\n\n\n\n<p>Der erste Vorsitzende Horst Schneider und der zweite Vorsitzende Ralf Keil waren gerne der Einladung Ruitenbergs gefolgt, um ihren Verein und die beiden Weine vorzustellen: einen 2023er trockenen Riesling sowie eine &#8222;Sp\u00e4tlese&#8220; \u2013 es sind alles Landweine, doch dieser ist sp\u00e4t gelesen \u2013 von 2018. Auch einen informativen Bildband \u00fcber den Verein hatten sie dabei, in dem man die jedes Jahr von anderen K\u00fcnstlern gestalteten Etiketten bewundern konnte.<\/p>\n\n\n\n<p>Ruitenberg ist tief im eigenen Keller abgetaucht und hat ein 2011er I-T\u00fcpfelchen vom Weingut Sack gefunden, selbst (mit)gelesen. Dar\u00fcber hinaus gab es Lieblingsweine, wie der 2022er Fl\u00f6rsheimer Herrnberg alte Reben Sp\u00e4tlese vom Weingut Baison und der 2023er Stone Egg, der Wein aus dem Granit-Ei vom Weingut Im Weinegg.<\/p>\n\n\n\n<p>Als Vertreter des Rieslings im Ausland durfte ein niederl\u00e4ndischer Wein vom Weingut Apostelhoeve in Maastricht nat\u00fcrlich nicht fehlen, ein 2023er.<\/p>\n\n\n\n<p>Aus Sachsen kam eine VDP Erste Lage vom Weingut Schloss Proschwitz in Mei\u00dfen, ebenfalls 2023.<\/p>\n\n\n\n<p>Der versp\u00e4tete Sp\u00e4tlesereiter ist auf alle Zeiten verkn\u00fcpft mit dem Weingut Schloss Johannisberg, weshalb ein 2023er Schloss Johannisberg Riesling Gr\u00fcnlack Sp\u00e4tlese VDP Gro\u00dfe Lage selbstverst\u00e4ndlich auch auf der Liste stand.<\/p>\n\n\n\n<figure class=\"wp-block-table\"><table><tbody><tr><td><img decoding=\"async\" loading=\"lazy\" width=\"1334\" height=\"2560\" class=\"wp-image-1169\" style=\"width: 800px;\" src=\"http:\/\/kellerfunde.info\/wp-content\/uploads\/2025\/08\/1990erSpaetlese_H_Ruitenberg-scaled.jpg\" alt=\"\" srcset=\"https:\/\/kellerfunde.info\/wp-content\/uploads\/2025\/08\/1990erSpaetlese_H_Ruitenberg-scaled.jpg 1334w, https:\/\/kellerfunde.info\/wp-content\/uploads\/2025\/08\/1990erSpaetlese_H_Ruitenberg-156x300.jpg 156w, https:\/\/kellerfunde.info\/wp-content\/uploads\/2025\/08\/1990erSpaetlese_H_Ruitenberg-534x1024.jpg 534w, https:\/\/kellerfunde.info\/wp-content\/uploads\/2025\/08\/1990erSpaetlese_H_Ruitenberg-768x1474.jpg 768w, https:\/\/kellerfunde.info\/wp-content\/uploads\/2025\/08\/1990erSpaetlese_H_Ruitenberg-800x1536.jpg 800w, https:\/\/kellerfunde.info\/wp-content\/uploads\/2025\/08\/1990erSpaetlese_H_Ruitenberg-1067x2048.jpg 1067w\" sizes=\"(max-width: 1334px) 100vw, 1334px\" \/><\/td><td>Aus den Schatzkammern der Winzer durften die G\u00e4ste einen 2018er GG &#8211; VDP Gro\u00dfeLage Hochheimer Kirchenst\u00fcck und einen 2018er R\u00fcdesheimer Berg Roseneck Riesling Sp\u00e4tlese vom Weingut K\u00fcnstler genie\u00dfen. Zur Kr\u00f6nung dieser Veranstaltung funkelte die 1990er Hochheimer Domdechaney Riesling Sp\u00e4tlese aus dem Schatzkeller des Domdechant Werner&#8217;schen Weinguts goldgelb in den Gl\u00e4sern. Eine Aromenexplosion am Gaumen. Der Dank gilt hierbei Catharina Mauritz, die diesen edlen Topfen zur Probe begesteuert hatte, damit dieser hervorragende Wein zu p\u00e4dagogischem Zwecke seinen Einsatz fand.<\/td><\/tr><\/tbody><\/table><\/figure>\n\n\n\n<figure class=\"wp-block-gallery has-nested-images columns-default is-cropped wp-block-gallery-3 is-layout-flex\">\n<figure class=\"wp-block-image size-large\"><img decoding=\"async\" loading=\"lazy\" width=\"1024\" height=\"483\" data-id=\"1172\"  src=\"https:\/\/kellerfunde.info\/wp-content\/uploads\/2025\/08\/Probenfolge_H_Ruitenberg-1024x483.jpg\" alt=\"\" class=\"wp-image-1172\" srcset=\"https:\/\/kellerfunde.info\/wp-content\/uploads\/2025\/08\/Probenfolge_H_Ruitenberg-1024x483.jpg 1024w, https:\/\/kellerfunde.info\/wp-content\/uploads\/2025\/08\/Probenfolge_H_Ruitenberg-300x142.jpg 300w, https:\/\/kellerfunde.info\/wp-content\/uploads\/2025\/08\/Probenfolge_H_Ruitenberg-768x362.jpg 768w, https:\/\/kellerfunde.info\/wp-content\/uploads\/2025\/08\/Probenfolge_H_Ruitenberg-1536x725.jpg 1536w, https:\/\/kellerfunde.info\/wp-content\/uploads\/2025\/08\/Probenfolge_H_Ruitenberg-2048x967.jpg 2048w\" sizes=\"(max-width: 1024px) 100vw, 1024px\" \/><\/figure>\n<\/figure>\n\n\n\n<p>Die n\u00e4chsten Themen sind am 28. August  die &#8222;Lieblingsweine der G\u00e4ste&#8220;,  <br>am 25. September &#8222;Weine aus Wiesbaden&#8220; &#8211; ein Thema mit Lennart Friesenhahn vom Weingut <strong>Die M\u00fchle<\/strong>, WI-Delkenheim und am 30. Oktober &#8222;S\u00fcditalien&#8220; mit Alex Mehr.<\/p>\n\n\n\n<p>Anbei der entsprechende <a href=\"http:\/\/kellerfunde.info\/wp-content\/uploads\/2025\/08\/HZ08082025.bmp\">Artikel<\/a> aus der Hochheimer Zeitung vom 8. August 2025.<\/p>\n","protected":false},"excerpt":{"rendered":"<p>Die K\u00f6nigin der Rebsorten, der Riesling &amp; die Sp\u00e4tlese werden geb\u00fchrend gew\u00fcrdigt Die erste Erw\u00e4hnung des Rieslings ist 590 Jahre her, auf einer Rechnung vom 13. M\u00e4rz 1435 in R\u00fcsselsheim. Die Sp\u00e4tlese wurde vor 250 Jahren &#8222;entdeckt&#8220;, als der Sp\u00e4tlesereiter zu lang unterwegs war und die Trauben bei der Lese<\/p>\n","protected":false},"author":1,"featured_media":0,"comment_status":"closed","ping_status":"closed","sticky":false,"template":"","format":"standard","meta":[],"categories":[1],"tags":[],"_links":{"self":[{"href":"https:\/\/kellerfunde.info\/index.php?rest_route=\/wp\/v2\/posts\/1173"}],"collection":[{"href":"https:\/\/kellerfunde.info\/index.php?rest_route=\/wp\/v2\/posts"}],"about":[{"href":"https:\/\/kellerfunde.info\/index.php?rest_route=\/wp\/v2\/types\/post"}],"author":[{"embeddable":true,"href":"https:\/\/kellerfunde.info\/index.php?rest_route=\/wp\/v2\/users\/1"}],"replies":[{"embeddable":true,"href":"https:\/\/kellerfunde.info\/index.php?rest_route=%2Fwp%2Fv2%2Fcomments&post=1173"}],"version-history":[{"count":7,"href":"https:\/\/kellerfunde.info\/index.php?rest_route=\/wp\/v2\/posts\/1173\/revisions"}],"predecessor-version":[{"id":1185,"href":"https:\/\/kellerfunde.info\/index.php?rest_route=\/wp\/v2\/posts\/1173\/revisions\/1185"}],"wp:attachment":[{"href":"https:\/\/kellerfunde.info\/index.php?rest_route=%2Fwp%2Fv2%2Fmedia&parent=1173"}],"wp:term":[{"taxonomy":"category","embeddable":true,"href":"https:\/\/kellerfunde.info\/index.php?rest_route=%2Fwp%2Fv2%2Fcategories&post=1173"},{"taxonomy":"post_tag","embeddable":true,"href":"https:\/\/kellerfunde.info\/index.php?rest_route=%2Fwp%2Fv2%2Ftags&post=1173"}],"curies":[{"name":"wp","href":"https:\/\/api.w.org\/{rel}","templated":true}]}}